{"@context":"https:\/\/schema.org\/","@type":"CollectionPage","@id":"https:\/\/www.decon.cz\/vyrobky\/#CollectionPage","headline":"V\u00fdrobky Category","description":"","url":"https:\/\/www.decon.cz\/vyrobky\/","hasPart":[{"@type":"Article","@id":"https:\/\/www.decon.cz\/proc-bych-vam-doporucil-u-domu-pergolu\/","headline":"Pro\u010d bych v\u00e1m doporu\u010dil u domu pergolu","url":"https:\/\/www.decon.cz\/proc-bych-vam-doporucil-u-domu-pergolu\/","datePublished":"2026-07-18","dateModified":"2026-07-18","mainEntityOfPage":"https:\/\/www.decon.cz\/proc-bych-vam-doporucil-u-domu-pergolu\/","author":{"@type":"Person","@id":"https:\/\/www.decon.cz\/author\/#Person","name":"","url":"https:\/\/www.decon.cz\/author\/","identifier":1,"image":{"@type":"ImageObject","@id":"https:\/\/secure.gravatar.com\/avatar\/95e04d59dbd953edbb4078d954ab72cca879b754151ff5a1a9844caae0615e95?s=96&d=mm&r=g","url":"https:\/\/secure.gravatar.com\/avatar\/95e04d59dbd953edbb4078d954ab72cca879b754151ff5a1a9844caae0615e95?s=96&d=mm&r=g","height":96,"width":96}},"publisher":{"@type":"Organization","name":"decon.cz","logo":{"@type":"ImageObject","@id":"\/logo.png","url":"\/logo.png","width":600,"height":60}},"image":{"@type":"ImageObject","@id":"https:\/\/www.decon.cz\/wp-content\/uploads\/pexels-gene-samit-546626702-36410012.jpg","url":"https:\/\/www.decon.cz\/wp-content\/uploads\/pexels-gene-samit-546626702-36410012.jpg","height":0,"width":0},"keywords":null},{"@type":"Article","@id":"https:\/\/www.decon.cz\/vyzrajte-na-bolesti-zad\/","headline":"Vyzrajte na bolesti zad","url":"https:\/\/www.decon.cz\/vyzrajte-na-bolesti-zad\/","datePublished":"2026-07-11","dateModified":"2026-07-11","mainEntityOfPage":"https:\/\/www.decon.cz\/vyzrajte-na-bolesti-zad\/","author":{"@type":"Person","@id":"https:\/\/www.decon.cz\/author\/#Person","name":"","url":"https:\/\/www.decon.cz\/author\/","identifier":1,"image":{"@type":"ImageObject","@id":"https:\/\/secure.gravatar.com\/avatar\/95e04d59dbd953edbb4078d954ab72cca879b754151ff5a1a9844caae0615e95?s=96&d=mm&r=g","url":"https:\/\/secure.gravatar.com\/avatar\/95e04d59dbd953edbb4078d954ab72cca879b754151ff5a1a9844caae0615e95?s=96&d=mm&r=g","height":96,"width":96}},"publisher":{"@type":"Organization","name":"decon.cz","logo":{"@type":"ImageObject","@id":"\/logo.png","url":"\/logo.png","width":600,"height":60}},"image":{"@type":"ImageObject","@id":"https:\/\/www.decon.cz\/wp-content\/uploads\/pexels-ron-lach-9146366.jpg","url":"https:\/\/www.decon.cz\/wp-content\/uploads\/pexels-ron-lach-9146366.jpg","height":0,"width":0},"keywords":null},{"@type":"Article","@id":"https:\/\/www.decon.cz\/party-stan-na-oslave-promoce\/","headline":"Party stan na oslav\u011b promoce","url":"https:\/\/www.decon.cz\/party-stan-na-oslave-promoce\/","datePublished":"2026-06-04","dateModified":"2026-06-04","mainEntityOfPage":"https:\/\/www.decon.cz\/party-stan-na-oslave-promoce\/","author":{"@type":"Person","@id":"https:\/\/www.decon.cz\/author\/#Person","name":"","url":"https:\/\/www.decon.cz\/author\/","identifier":1,"image":{"@type":"ImageObject","@id":"https:\/\/secure.gravatar.com\/avatar\/95e04d59dbd953edbb4078d954ab72cca879b754151ff5a1a9844caae0615e95?s=96&d=mm&r=g","url":"https:\/\/secure.gravatar.com\/avatar\/95e04d59dbd953edbb4078d954ab72cca879b754151ff5a1a9844caae0615e95?s=96&d=mm&r=g","height":96,"width":96}},"publisher":{"@type":"Organization","name":"decon.cz","logo":{"@type":"ImageObject","@id":"\/logo.png","url":"\/logo.png","width":600,"height":60}},"image":{"@type":"ImageObject","@id":"https:\/\/www.decon.cz\/wp-content\/uploads\/happy-holidays-2578446_640_7.jpg","url":"https:\/\/www.decon.cz\/wp-content\/uploads\/happy-holidays-2578446_640_7.jpg","height":0,"width":0},"keywords":null},{"@type":"Article","@id":"https:\/\/www.decon.cz\/jak-ochranit-svuj-majetek-a-dum-samotny\/","headline":"Jak ochr\u00e1nit sv\u016fj majetek a d\u016fm samotn\u00fd","url":"https:\/\/www.decon.cz\/jak-ochranit-svuj-majetek-a-dum-samotny\/","datePublished":"2026-05-09","dateModified":"2026-05-09","mainEntityOfPage":"https:\/\/www.decon.cz\/jak-ochranit-svuj-majetek-a-dum-samotny\/","author":{"@type":"Person","@id":"https:\/\/www.decon.cz\/author\/#Person","name":"","url":"https:\/\/www.decon.cz\/author\/","identifier":1,"image":{"@type":"ImageObject","@id":"https:\/\/secure.gravatar.com\/avatar\/95e04d59dbd953edbb4078d954ab72cca879b754151ff5a1a9844caae0615e95?s=96&d=mm&r=g","url":"https:\/\/secure.gravatar.com\/avatar\/95e04d59dbd953edbb4078d954ab72cca879b754151ff5a1a9844caae0615e95?s=96&d=mm&r=g","height":96,"width":96}},"publisher":{"@type":"Organization","name":"decon.cz","logo":{"@type":"ImageObject","@id":"\/logo.png","url":"\/logo.png","width":600,"height":60}},"image":{"@type":"ImageObject","@id":"https:\/\/www.decon.cz\/wp-content\/uploads\/jhenning-gate-6771040_640_2.jpg","url":"https:\/\/www.decon.cz\/wp-content\/uploads\/jhenning-gate-6771040_640_2.jpg","height":0,"width":0},"keywords":null},{"@type":"Article","@id":"https:\/\/www.decon.cz\/sklenik-z-polykarbonatu-pro-pestovani-zeleniny\/","headline":"Sklen\u00edk z polykarbon\u00e1tu pro p\u011bstov\u00e1n\u00ed zeleniny","url":"https:\/\/www.decon.cz\/sklenik-z-polykarbonatu-pro-pestovani-zeleniny\/","datePublished":"2026-01-02","dateModified":"2026-01-02","mainEntityOfPage":"https:\/\/www.decon.cz\/sklenik-z-polykarbonatu-pro-pestovani-zeleniny\/","author":{"@type":"Person","@id":"https:\/\/www.decon.cz\/author\/#Person","name":"","url":"https:\/\/www.decon.cz\/author\/","identifier":1,"image":{"@type":"ImageObject","@id":"https:\/\/secure.gravatar.com\/avatar\/95e04d59dbd953edbb4078d954ab72cca879b754151ff5a1a9844caae0615e95?s=96&d=mm&r=g","url":"https:\/\/secure.gravatar.com\/avatar\/95e04d59dbd953edbb4078d954ab72cca879b754151ff5a1a9844caae0615e95?s=96&d=mm&r=g","height":96,"width":96}},"publisher":{"@type":"Organization","name":"decon.cz","logo":{"@type":"ImageObject","@id":"\/logo.png","url":"\/logo.png","width":600,"height":60}},"image":{"@type":"ImageObject","@id":"https:\/\/www.decon.cz\/wp-content\/uploads\/artyangel-greenhouse-2683927_640.jpg","url":"https:\/\/www.decon.cz\/wp-content\/uploads\/artyangel-greenhouse-2683927_640.jpg","height":0,"width":0},"keywords":null},{"@type":"Article","@id":"https:\/\/www.decon.cz\/co-je-to-algicid\/","headline":"Co je to algicid","url":"https:\/\/www.decon.cz\/co-je-to-algicid\/","datePublished":"2025-11-02","dateModified":"2025-11-02","mainEntityOfPage":"https:\/\/www.decon.cz\/co-je-to-algicid\/","author":{"@type":"Person","@id":"https:\/\/www.decon.cz\/author\/#Person","name":"","url":"https:\/\/www.decon.cz\/author\/","identifier":1,"image":{"@type":"ImageObject","@id":"https:\/\/secure.gravatar.com\/avatar\/95e04d59dbd953edbb4078d954ab72cca879b754151ff5a1a9844caae0615e95?s=96&d=mm&r=g","url":"https:\/\/secure.gravatar.com\/avatar\/95e04d59dbd953edbb4078d954ab72cca879b754151ff5a1a9844caae0615e95?s=96&d=mm&r=g","height":96,"width":96}},"publisher":{"@type":"Organization","name":"decon.cz","logo":{"@type":"ImageObject","@id":"\/logo.png","url":"\/logo.png","width":600,"height":60}},"image":{"@type":"ImageObject","@id":"https:\/\/www.decon.cz\/wp-content\/uploads\/boy-165221_640_3.jpg","url":"https:\/\/www.decon.cz\/wp-content\/uploads\/boy-165221_640_3.jpg","height":0,"width":0},"keywords":null},{"@type":"Article","@id":"https:\/\/www.decon.cz\/kde-vzit-vhodne-nastroje\/","headline":"Kde vz\u00edt vhodn\u00e9 n\u00e1stroje?","url":"https:\/\/www.decon.cz\/kde-vzit-vhodne-nastroje\/","datePublished":"2025-09-03","dateModified":"2025-09-03","mainEntityOfPage":"https:\/\/www.decon.cz\/kde-vzit-vhodne-nastroje\/","author":{"@type":"Person","@id":"https:\/\/www.decon.cz\/author\/#Person","name":"","url":"https:\/\/www.decon.cz\/author\/","identifier":1,"image":{"@type":"ImageObject","@id":"https:\/\/secure.gravatar.com\/avatar\/95e04d59dbd953edbb4078d954ab72cca879b754151ff5a1a9844caae0615e95?s=96&d=mm&r=g","url":"https:\/\/secure.gravatar.com\/avatar\/95e04d59dbd953edbb4078d954ab72cca879b754151ff5a1a9844caae0615e95?s=96&d=mm&r=g","height":96,"width":96}},"publisher":{"@type":"Organization","name":"decon.cz","logo":{"@type":"ImageObject","@id":"\/logo.png","url":"\/logo.png","width":600,"height":60}},"image":{"@type":"ImageObject","@id":"https:\/\/www.decon.cz\/wp-content\/uploads\/%C5%BE%C5%BE%C5%BE%C5%BE%C5%BE%C5%BE%C5%BE%C5%BE%C5%BE%C5%BE%C5%BE%C5%BE%C5%BE%C5%BE%C5%BE%C5%BE%C5%BE%C5%BE%C5%BE%C5%BE%C5%BE%C5%BE%C5%BE%C5%BE_3.jpg","url":"https:\/\/www.decon.cz\/wp-content\/uploads\/%C5%BE%C5%BE%C5%BE%C5%BE%C5%BE%C5%BE%C5%BE%C5%BE%C5%BE%C5%BE%C5%BE%C5%BE%C5%BE%C5%BE%C5%BE%C5%BE%C5%BE%C5%BE%C5%BE%C5%BE%C5%BE%C5%BE%C5%BE%C5%BE_3.jpg","height":0,"width":0},"keywords":null},{"@type":"Article","@id":"https:\/\/www.decon.cz\/novy-zacatek-novy-vuz\/","headline":"Nov\u00fd za\u010d\u00e1tek, nov\u00fd v\u016fz","url":"https:\/\/www.decon.cz\/novy-zacatek-novy-vuz\/","datePublished":"2025-08-08","dateModified":"2025-08-08","mainEntityOfPage":"https:\/\/www.decon.cz\/novy-zacatek-novy-vuz\/","author":{"@type":"Person","@id":"https:\/\/www.decon.cz\/author\/#Person","name":"","url":"https:\/\/www.decon.cz\/author\/","identifier":1,"image":{"@type":"ImageObject","@id":"https:\/\/secure.gravatar.com\/avatar\/95e04d59dbd953edbb4078d954ab72cca879b754151ff5a1a9844caae0615e95?s=96&d=mm&r=g","url":"https:\/\/secure.gravatar.com\/avatar\/95e04d59dbd953edbb4078d954ab72cca879b754151ff5a1a9844caae0615e95?s=96&d=mm&r=g","height":96,"width":96}},"publisher":{"@type":"Organization","name":"decon.cz","logo":{"@type":"ImageObject","@id":"\/logo.png","url":"\/logo.png","width":600,"height":60}},"image":{"@type":"ImageObject","@id":"https:\/\/www.decon.cz\/wp-content\/uploads\/car-171422_640_5.jpg","url":"https:\/\/www.decon.cz\/wp-content\/uploads\/car-171422_640_5.jpg","height":0,"width":0},"keywords":null},{"@type":"Article","@id":"https:\/\/www.decon.cz\/darek-pro-deti\/","headline":"D\u00e1rek pro d\u011bti","url":"https:\/\/www.decon.cz\/darek-pro-deti\/","datePublished":"2025-07-08","dateModified":"2025-07-08","mainEntityOfPage":"https:\/\/www.decon.cz\/darek-pro-deti\/","author":{"@type":"Person","@id":"https:\/\/www.decon.cz\/author\/#Person","name":"","url":"https:\/\/www.decon.cz\/author\/","identifier":1,"image":{"@type":"ImageObject","@id":"https:\/\/secure.gravatar.com\/avatar\/95e04d59dbd953edbb4078d954ab72cca879b754151ff5a1a9844caae0615e95?s=96&d=mm&r=g","url":"https:\/\/secure.gravatar.com\/avatar\/95e04d59dbd953edbb4078d954ab72cca879b754151ff5a1a9844caae0615e95?s=96&d=mm&r=g","height":96,"width":96}},"publisher":{"@type":"Organization","name":"decon.cz","logo":{"@type":"ImageObject","@id":"\/logo.png","url":"\/logo.png","width":600,"height":60}},"image":{"@type":"ImageObject","@id":"https:\/\/www.decon.cz\/wp-content\/uploads\/music-4334557_640_3.jpg","url":"https:\/\/www.decon.cz\/wp-content\/uploads\/music-4334557_640_3.jpg","height":0,"width":0},"keywords":null},{"@type":"Article","@id":"https:\/\/www.decon.cz\/okna-pro-dum-i-bytovku\/","headline":"Okna pro d\u016fm i bytovku","url":"https:\/\/www.decon.cz\/okna-pro-dum-i-bytovku\/","datePublished":"2025-06-09","dateModified":"2025-06-09","mainEntityOfPage":"https:\/\/www.decon.cz\/okna-pro-dum-i-bytovku\/","author":{"@type":"Person","@id":"https:\/\/www.decon.cz\/author\/#Person","name":"","url":"https:\/\/www.decon.cz\/author\/","identifier":1,"image":{"@type":"ImageObject","@id":"https:\/\/secure.gravatar.com\/avatar\/95e04d59dbd953edbb4078d954ab72cca879b754151ff5a1a9844caae0615e95?s=96&d=mm&r=g","url":"https:\/\/secure.gravatar.com\/avatar\/95e04d59dbd953edbb4078d954ab72cca879b754151ff5a1a9844caae0615e95?s=96&d=mm&r=g","height":96,"width":96}},"publisher":{"@type":"Organization","name":"decon.cz","logo":{"@type":"ImageObject","@id":"\/logo.png","url":"\/logo.png","width":600,"height":60}},"image":{"@type":"ImageObject","@id":"https:\/\/www.decon.cz\/wp-content\/uploads\/apartments-1851505_640.jpg","url":"https:\/\/www.decon.cz\/wp-content\/uploads\/apartments-1851505_640.jpg","height":0,"width":0},"keywords":null}]}