[{"@context":"https:\/\/schema.org\/","@type":"Article","@id":"https:\/\/www.decon.cz\/pisek-pro-deti\/#Article","mainEntityOfPage":"https:\/\/www.decon.cz\/pisek-pro-deti\/","headline":"P\u00edsek pro d\u011bti","name":"P\u00edsek pro d\u011bti","description":"\u0158\u00edkala jsem si, \u017ee a\u017e budu m\u00edt mal\u00e9 d\u00edt\u011b, tak samoz\u0159ejm\u011b pro sv\u00e9 d\u00edt\u011b budu cht\u00edt v\u017edycky jenom to nejlep\u0161\u00ed. A to v\u010detn\u011b nap\u0159\u00edklad d\u011btsk\u00e9ho d\u0159ev\u011bn\u00e9ho p\u00edskovi\u0161t\u011b. Proto\u017ee si taky vzpom\u00edn\u00e1m na ty \u010dasy, kdy\u017e jsem byla mal\u00e1 a m\u011bla jsem sourozence, a to mal\u00e9ho bratra, se kter\u00fdm jsem si velice \u010dasto hr\u00e1la, proto\u017ee jsme [&hellip;]","datePublished":"2023-01-15","dateModified":"2023-05-02","author":{"@type":"Person","@id":"https:\/\/www.decon.cz\/author\/#Person","name":"","url":"https:\/\/www.decon.cz\/author\/","identifier":1,"image":{"@type":"ImageObject","@id":"https:\/\/secure.gravatar.com\/avatar\/95e04d59dbd953edbb4078d954ab72cca879b754151ff5a1a9844caae0615e95?s=96&d=mm&r=g","url":"https:\/\/secure.gravatar.com\/avatar\/95e04d59dbd953edbb4078d954ab72cca879b754151ff5a1a9844caae0615e95?s=96&d=mm&r=g","height":96,"width":96}},"publisher":{"@type":"Organization","name":"decon.cz","logo":{"@type":"ImageObject","@id":"\/logo.png","url":"\/logo.png","width":600,"height":60}},"image":{"@type":"ImageObject","@id":"https:\/\/www.decon.cz\/wp-content\/uploads\/children-1730248_960_720.jpg","url":"https:\/\/www.decon.cz\/wp-content\/uploads\/children-1730248_960_720.jpg","height":0,"width":0},"url":"https:\/\/www.decon.cz\/pisek-pro-deti\/","about":["V\u00fdrobky"],"wordCount":449,"articleBody":"       \u0158\u00edkala jsem si, \u017ee a\u017e budu m\u00edt mal\u00e9 d\u00edt\u011b, tak samoz\u0159ejm\u011b pro sv\u00e9 d\u00edt\u011b budu cht\u00edt v\u017edycky jenom to nejlep\u0161\u00ed. A to v\u010detn\u011b nap\u0159\u00edklad d\u011btsk\u00e9ho d\u0159ev\u011bn\u00e9ho p\u00edskovi\u0161t\u011b. Proto\u017ee si taky vzpom\u00edn\u00e1m na ty \u010dasy, kdy\u017e jsem byla mal\u00e1 a m\u011bla jsem sourozence, a to mal\u00e9ho bratra, se kter\u00fdm jsem si velice \u010dasto hr\u00e1la, proto\u017ee jsme taky v\u011bkov\u00e9 m\u011bli k sob\u011b bl\u00edzko, proto\u017ee j\u00e1 jsem byla pouze o rok a p\u016fl star\u0161\u00ed ne\u017e m\u016fj bratr. Tak\u017ee jsme se taky spolu vyhr\u00e1li. A m\u011bli jsme dokonce taky hra\u010dky dohromady, tak\u017ee jsme je v\u016fbec nerozd\u011blovaly na hol\u010di\u010d\u00ed anebo klu\u010di\u010d\u00ed hra\u010dky. Co n\u00e1m ale doma chyb\u011blo, tak to bylo d\u011btsk\u00e9 d\u0159ev\u011bn\u00e9 p\u00edskovi\u0161t\u011b.Byly n\u00e1m asi t\u0159i roky, kdy\u017e n\u00e1m maminka \u0159\u00edkala, abychom si \u0161li n\u011bkam hr\u00e1t. Tohle si samoz\u0159ejm\u011b nepamatuji, ale vzpom\u00edn\u00e1m si na to z mamin\u010dina vypr\u00e1v\u011bn\u00ed. Pr\u00fd jsme jako d\u011bti st\u00e1le hledali n\u011bjak\u00e9 p\u00edskovi\u0161t\u011b, a tak jsme klidn\u011b lezly na stavby, kde byly hroudy p\u00edsku. Proto\u017ee to byla z vesnice, kde jsme se v\u0161ichni znali, tak to tak moc nevadilo, ale sp\u00ed\u0161e vadilo to, \u017ee jsme ut\u00edkali. Byli jsme toti\u017e hodn\u011b ut\u00edkav\u00e9 a divok\u00e9 d\u011bti, jak n\u00e1m \u0159\u00edkala maminka. Tak\u017ee nakonec to dopadlo tak, \u017ee n\u00e1m potom za p\u016fl roku maminka s tat\u00ednkem po\u0159\u00eddili kr\u00e1sn\u00e9 d\u011btsk\u00e9 d\u0159ev\u011bn\u00e9 p\u00edskovi\u0161t\u011b a mus\u00edm uznat, \u017ee d\u0159ev\u011bn\u00e9 p\u00edskovi\u0161t\u011b opravdu perfektn\u00ed. Nav\u00edc taky to p\u00edskovi\u0161t\u011b m\u011blo takovou st\u0159echu, \u017ee se t\u0159eba na ve\u010der anebo p\u0159ed de\u0161t\u011bm dalo zakr\u00fdt, tak\u017ee bylo to nejenom hygienick\u00e9 z d\u016fvodu toho, \u017ee tam nechodily ko\u010dky d\u011blat svou pot\u0159ebu, ale taky tam v\u016fbec nenapr\u0161elo, tak\u017ee p\u00edsek byl st\u00e1le such\u00fd a taky hlavn\u011b byl \u010dist\u00fd. A mus\u00edm uznat, \u017ee d\u0159ev\u011bn\u00e9 p\u00edskovi\u0161t\u011b taky doporu\u010duji v\u00e1m, proto\u017ee vypad\u00e1 stylov\u011b a pozd\u011bji z toho taky m\u016f\u017eete ud\u011blat t\u0159eba n\u011bjakou lavi\u010dku na p\u0159\u00edjemn\u00e9 posezen\u00ed. Mysl\u00edm si, \u017ee ale v dne\u0161n\u00ed dob\u011b je zcela u\u017e norm\u00e1ln\u00ed, \u017ee lid\u00e9 maj\u00ed na zahrad\u011b pro sv\u00e9 d\u011bti d\u0159ev\u011bn\u00e9 p\u00edskovi\u0161t\u011b Detskahriste.cz, kter\u00e9 je mezi d\u011btmi velmi obl\u00edben\u00e9.                                                                                                                                                                                                                                                                                                                                                                                          4.3\/5 - (10 votes)        "},{"@context":"https:\/\/schema.org\/","@type":"BreadcrumbList","itemListElement":[{"@type":"ListItem","position":1,"name":"P\u00edsek pro d\u011bti","item":"https:\/\/www.decon.cz\/pisek-pro-deti\/#breadcrumbitem"}]}]